{"id":619,"date":"2017-05-23T19:23:20","date_gmt":"2017-05-23T19:23:20","guid":{"rendered":"https:\/\/resiststigma.com\/fr\/?p=619"},"modified":"2017-05-23T19:24:44","modified_gmt":"2017-05-23T19:24:44","slug":"lhistoire-de-resiste-a-la-stigmatisation","status":"publish","type":"post","link":"https:\/\/resiststigma.com\/fr\/lhistoire-de-resiste-a-la-stigmatisation\/","title":{"rendered":"L\u2019histoire de R\u00e9siste \u00e0 la stigmatisation"},"content":{"rendered":"<p class=\"p1\"><span class=\"s1\">La stigmatisation est un puissant pouvoir social qui sert \u00e0 exclure certaines personnes. Les jeunes hommes gais, bisexuels, allosexuels, bi-spirituels, transgenres et cisgenres en sont la cible depuis trop longtemps. La stigmatisation nous fait avoir honte de notre identit\u00e9, de notre corps, de nos attirances et de nos mani\u00e8res de nous exprimer. Au d\u00e9but de 2015, le CBRC s\u2019est vu accorder une subvention de l\u2019Agence de la sant\u00e9 publique du Canada pour mener une campagne, dirig\u00e9e par des jeunes, de lutte contre la stigmatisation. C\u2019est ainsi qu\u2019est n\u00e9 R\u00e9siste \u00e0 la stigmatisation, un programme sur deux ans visant \u00e0 donner aux jeunes hommes GBABT partout au pays l\u2019occasion de t\u00e9moigner de leur exp\u00e9rience de la stigmatisation. Le programme a invit\u00e9 les jeunes GBABT et les organismes de jeunes \u00e0 lui soumettre, \u00e0 l\u2019intention des m\u00e9dias num\u00e9riques, des projets traitant de la stigmatisation et de ses nombreuses r\u00e9percussions sur leur vie. Les projets retenus ont pu b\u00e9n\u00e9ficier d\u2019une subvention. Ils ont \u00e9t\u00e9 partag\u00e9s sur les m\u00e9dias sociaux partout au pays afin de susciter une conversation nationale sur la stigmatisation que subissent les jeunes GBABT et les moyens que nous pouvons mettre en \u0153uvre pour y r\u00e9sister.<\/span><\/p>\n<p class=\"p1\"><span class=\"s1\">Olivier Ferlatte a exerc\u00e9 un mandat d\u2019un an \u00e0 titre de directeur du programme R\u00e9siste \u00e0 la stigmatisation. Il a mis sur pied un comit\u00e9 directeur compos\u00e9 de repr\u00e9sentants de divers organismes de lutte contre le VIH et de services aux jeunes de partout au pays. Keith Reynolds s\u2019est joint \u00e0 l\u2019\u00e9quipe par la suite \u00e0 titre de coordonnateur principal du programme. Aidan Ablona a \u00e9t\u00e9 embauch\u00e9 comme coordonnateur charg\u00e9 du recrutement de membres pour le Comit\u00e9 consultatif des jeunes (CCJ). En plus de fournir la perspective des jeunes \u00e0 l\u2019\u00e9chelle nationale, composante essentielle du programme et de ses activit\u00e9s, ce comit\u00e9 s\u2019est vu confier la d\u00e9licate mission de choisir les projets qui recevraient du financement. Les membres du comit\u00e9 directeur et du CCJ se sont r\u00e9unis \u00e0 deux reprises pendant la dur\u00e9e du programme. Ces r\u00e9unions ont eu lieu dans le cadre du Sommet sur la sant\u00e9 des hommes gais, un forum annuel visant \u00e0 r\u00e9pertorier et \u00e0 traiter les enjeux li\u00e9s \u00e0 la pr\u00e9vention du VIH et \u00e0 la sant\u00e9 des hommes gais. Elles se sont r\u00e9v\u00e9l\u00e9es d\u2019une importance vitale pour nous aider \u00e0 orienter notre action et \u00e0 renforcer notre dynamique d\u2019\u00e9quipe.<\/span><\/p>\n<p class=\"p1\"><span class=\"s1\">En plus de soutenir ces projets portant sur la stigmatisation, nous sommes intervenus aupr\u00e8s des jeunes dans de nombreuses villes partout au pays, o\u00f9 nous avons organis\u00e9 diff\u00e9rentes activit\u00e9s, tels des groupes de lecture \u00e0 <a href=\"https:\/\/www.facebook.com\/events\/1162412357126459\/\">Toronto<\/a> , des caf\u00e9s de conversation \u00e0 <a href=\"https:\/\/www.facebook.com\/events\/705861182886711\/\">Montr\u00e9al<\/a> ou des visionnements de projets \u00e0 <a href=\"https:\/\/www.facebook.com\/events\/1616343671739637\/\">Halifax<\/a> et \u00e0 <a href=\"https:\/\/www.facebook.com\/events\/1555807244447101\/\">Edmonton<\/a>.<\/span><\/p>\n<p class=\"p1\"><span class=\"s1\">Cette page Web rassemble tous les outils et les ressources que nous avons mis au point au cours des deux derni\u00e8res ann\u00e9es. Que vous soyez un fournisseur de services de premi\u00e8re ligne, un chef de projet ou encore un chercheur s\u2019int\u00e9ressant au VIH ou aux enjeux touchant les GBABT ou les jeunes, nous esp\u00e9rons que ces produits vous seront utiles dans votre propre lutte contre la stigmatisation!<\/span><\/p>\n<p class=\"p1\"><span class=\"s1\"><b>Projets R\u00e9siste \u00e0 la stigmatisation\u00a0:<\/b><\/span><\/p>\n<p class=\"p1\"><span class=\"s1\">Con\u00e7us pour les m\u00e9dias num\u00e9riques, les sept projets ci-dessous illustrent diff\u00e9rentes formes de stigmatisation dont sont victimes les jeunes hommes GBABT au Canada. Chacun d\u2019entre eux est accessible en ligne gratuitement et pourra servir \u00e0 traiter de ces questions dans le contexte propre \u00e0 votre r\u00e9gion. <\/span><\/p>\n<ul class=\"ul1\">\n<li class=\"li1\"><a href=\"https:\/\/resiststigma.com\/fr\/pour-la-decriminalisation-du-travail-du-sexe\/\"><span class=\"s1\"><b>Pour la d\u00e9criminalisation du travail du sexe <\/b><\/span><\/a>\n<ul class=\"ul1\">\n<li class=\"li1\"><span class=\"s1\">Puissante campagne d\u2019affichage d\u00e9non\u00e7ant la stigmatisation que subissent les travailleurs du sexe masculins ou transidentitaires<\/span><\/li>\n<li class=\"li1\"><span class=\"s1\">En fran\u00e7ais et en anglais<\/span><\/li>\n<li class=\"li4\"><span class=\"s7\">Con\u00e7ue par <a href=\"http:\/\/www.rezosante.org\/\">R\u00c9ZO<\/a><\/span><\/li>\n<\/ul>\n<\/li>\n<li class=\"li1\"><a href=\"https:\/\/resiststigma.com\/ffs-stigma-isnt-sexy\/\"><span class=\"s1\"><b>FFS \u2013 La stigmatisation n\u2019a rien de sexy<\/b><\/span><\/a>\n<ul class=\"ul1\">\n<li class=\"li1\"><span class=\"s1\">Vid\u00e9o de 60 minutes sur les applis de rencontre et la stigmatisation<\/span><\/li>\n<li class=\"li1\"><span class=\"s1\">En fran\u00e7ais et en anglais<\/span><\/li>\n<li class=\"li1\"><span class=\"s1\">R\u00e9alis\u00e9 par le <a href=\"http:\/\/www.yegmenshealth.ca\/\">Edmonton Men\u2019s Health Collective<\/a><\/span><\/li>\n<\/ul>\n<\/li>\n<li class=\"li1\"><a href=\"https:\/\/resiststigma.com\/circle-of-strength\/\"><span class=\"s1\"><b>Circle of Strength<\/b><\/span><\/a>\n<ul class=\"ul1\">\n<li class=\"li1\"><span class=\"s1\">Court documentaire (28 min) sur l\u2019exp\u00e9rience v\u00e9cue de la stigmatisation li\u00e9e au VIH, \u00e0 l\u2019homophobie et \u00e0 la transphobie<\/span><\/li>\n<li class=\"li1\"><span class=\"s1\">En anglais<\/span><\/li>\n<li class=\"li1\"><span class=\"s1\">R\u00e9alis\u00e9 et produit par Martin M. de la Vancouver Island PWA Society<\/span><\/li>\n<\/ul>\n<\/li>\n<li class=\"li1\"><a href=\"https:\/\/resiststigma.com\/fr\/naviguer-sans-haine\/\"><span class=\"s1\"><b>Naviguer sans haine<\/b><\/span><\/a>\n<ul class=\"ul1\">\n<li class=\"li1\"><span class=\"s1\">Court documentaire (15 min) sur le t\u00e9moignage de six personnes ayant souffert de la stigmatisation en raison de leur orientation sexuelle, de leur identit\u00e9 de genre, de leur \u00e9tat de sant\u00e9 physique ou mentale \u00e0 Moncton, au Nouveau-Brunswick <\/span><\/li>\n<li class=\"li1\"><span class=\"s1\">En anglais et en fran\u00e7ais<\/span><\/li>\n<li class=\"li1\"><span class=\"s1\">R\u00e9alis\u00e9 par Sarah Doiron; un projet de SIDA Moncton<\/span><\/li>\n<\/ul>\n<\/li>\n<li class=\"li1\"><a href=\"https:\/\/resiststigma.com\/queer-lives\/\"><span class=\"s1\"><b>Queer Lives<\/b><\/span><\/a>\n<ul class=\"ul1\">\n<li class=\"li1\"><span class=\"s1\">Balado pr\u00e9sentant les histoires v\u00e9cues de personnes LGBTQ+ \u00e0 Kelowna, en Colombie-Britannique<\/span><\/li>\n<li class=\"li1\"><span class=\"s1\">En anglais<\/span><\/li>\n<\/ul>\n<\/li>\n<li class=\"li1\"><a href=\"https:\/\/resiststigma.com\/ourgenerations\/\"><span class=\"s1\"><b>OurGenerations<\/b><\/span><\/a>\n<ul class=\"ul1\">\n<li class=\"li1\"><span class=\"s1\">S\u00e9rie de vid\u00e9os dans lesquelles 30 hommes gais (et quelques femmes) de Toronto racontent comment \u00e9tait leur vie il y a 30 ans<\/span><\/li>\n<li class=\"li1\"><span class=\"s1\">En anglais (sous-titres fran\u00e7ais disponibles)<\/span><\/li>\n<li class=\"li1\"><span class=\"s1\">R\u00e9alis\u00e9 par <a href=\"https:\/\/thisisourspace.ca\/\">OurSpace<\/a><\/span><\/li>\n<\/ul>\n<\/li>\n<li class=\"li1\"><span class=\"s1\"><b>The Jury\u2019s In<\/b><\/span>\n<ul class=\"ul1\">\n<li class=\"li1\"><span class=\"s1\">Articles traitant des nombreuses formes que prend la stigmatisation li\u00e9e au VIH<\/span><\/li>\n<li class=\"li1\"><span class=\"s1\">En anglais<\/span><\/li>\n<li class=\"li1\"><span class=\"s1\"><b>Lien vers le projet<\/b><\/span><\/li>\n<li class=\"li1\"><span class=\"s1\">Pr\u00e9par\u00e9 par le sous-comit\u00e9 VIH de R\u00e9siste \u00e0 la stigmatisation<\/span><\/li>\n<\/ul>\n<\/li>\n<\/ul>\n<p class=\"p1\"><span class=\"s1\"><b>Un document \u00e0 consulter si vous organisez une campagne contre la stigmatisation\u00a0: <\/b><\/span><\/p>\n<ul class=\"ul1\">\n<li class=\"li1\">#R\u00e9sister\u00e0Lastigmatisation: Comment faire? Un rapport d\u2019orientation\n<ul class=\"ul1\">\n<li class=\"li1\"><span class=\"s1\">Commander aupr\u00e8s de <a href=\"http:\/\/orders.catie.ca\/product_info.php?products_id=26419\">CATIE<\/a> (disponible gratuitement) et <a href=\"https:\/\/resiststigma.com\/fr\/comment-faire\/\">en ligne<\/a><\/span><\/li>\n<li class=\"li1\"><a href=\"http:\/\/orders.catie.ca\/product_info.php?products_id=26418\">En anglais<\/a>\u00a0et <a href=\"https:\/\/resiststigma.com\/resist-stigma-how-do-we-get-there\/\">en ligne<\/a><\/li>\n<\/ul>\n<\/li>\n<\/ul>\n<p class=\"p1\"><span class=\"s1\"><b>Si vous souhaitez engager la conversation sur la stigmatisation avec les jeunes gais, bisexuels, allosexuels, bi-spirituels et trans de votre r\u00e9gion\u00a0:<\/b><\/span><\/p>\n<ul class=\"ul1\">\n<li class=\"li1\"><a href=\"https:\/\/resiststigma.com\/fr\/groupe-de-lecture-resiste-a-stigmatisation\/\"><span class=\"s1\">Organisez un groupe de lecture et de discussion <\/span><\/a><\/li>\n<li class=\"li1\"><a href=\"https:\/\/resiststigma.com\/fr\/cafe-de-conversation-resiste-a-la-stigmatisation\/\"><span class=\"s1\">Organisez un caf\u00e9 de conversation (World Caf\u00e9) pour parler de la stigmatisation que vivent les jeunes hommes gais dans votre r\u00e9gion <\/span><\/a><\/li>\n<\/ul>\n<p class=\"p1\"><span class=\"s1\"><b>Programmes et services pour les jeunes LGBTQ au Canada \u2013 points saillants de notre analyse du contexte<\/b><\/span><\/p>\n<p class=\"p1\"><span class=\"s1\">Nous avons effectu\u00e9 une analyse du contexte en mati\u00e8re de programmes et services destin\u00e9s aux jeunes LGBTQ partout au Canada. Nous avons \u00e9t\u00e9 \u00e9tonn\u00e9s par l\u2019ampleur du travail qui se fait partout au pays. Voici quelques faits saillants\u00a0:<\/span><\/p>\n<ul class=\"ul1\">\n<li class=\"li1\"><span class=\"s1\">Atlantique<\/span><\/li>\n<li class=\"li1\"><span class=\"s1\">Prairies<\/span><\/li>\n<li class=\"li1\"><span class=\"s1\">Ontario<\/span><\/li>\n<li class=\"li1\"><span class=\"s1\">Qu\u00e9bec<\/span><\/li>\n<li class=\"li1\"><span class=\"s1\">Colombie-Britannique<\/span><\/li>\n<\/ul>\n<p class=\"p1\"><span class=\"s1\"><b>Couverture m\u00e9diatique de R\u00e9siste \u00e0 la stigmatisation\u00a0:<\/b><\/span><\/p>\n<ul class=\"ul1\">\n<li class=\"li4\"><span class=\"s7\"><a href=\"http:\/\/thechronicleherald.ca\/novascotia\/1351047-halifax-lgbtq-community-fights-negativity-with-resisting-stigma-event\">World Caf\u00e9 \u00e0 Halifax<\/a>\u00a0:\u00a0<\/span><\/li>\n<li class=\"li4\"><span class=\"s7\"><a href=\"http:\/\/www.straight.com\/blogra\/765751\/calling-all-vancouver-skanks-heres-body-positive-queer-male-party-you\">Activit\u00e9 de financement \u00e0 Vancouver<\/a><\/span><\/li>\n<li class=\"li4\"><span class=\"s7\"><a href=\"http:\/\/www.the-peak.ca\/2015\/11\/undoing-stigma-at-the-gay-mens-health-summit\/\">Sommet sur la sant\u00e9 des hommes gais 2015<\/a><\/span><\/li>\n<\/ul>\n<p class=\"p1\"><span class=\"s1\">Notre \u00e9quipe\u00a0:<\/span><\/p>\n<ul class=\"ul1\">\n<li class=\"li1\"><span class=\"s1\">Keith Reynolds \u2013 chef de projet<\/span><\/li>\n<li class=\"li1\"><span class=\"s1\">Jody Jollimore \u2013 directeur des politiques (CBRC)<\/span><\/li>\n<li class=\"li1\"><span class=\"s1\">Aidan Ablona \u2013 coordonnateur, interventions aupr\u00e8s des jeunes<\/span><\/li>\n<li class=\"li1\"><span class=\"s1\">Jean-Baptiste Henry \u2013 coordonnateur, Qu\u00e9bec<\/span><\/li>\n<li class=\"li1\"><span class=\"s1\">Fahmy Baharuddin \u2013 m\u00e9dias sociaux<\/span><\/li>\n<li class=\"li1\"><span class=\"s1\">Skylar Wang et Maggie MacAulay \u2013<span class=\"Apple-converted-space\">\u00a0 <\/span>r\u00e9daction, rapports d\u2019orientation <\/span><\/li>\n<li class=\"li1\"><span class=\"s1\">Paul Nixey \u2013 consultant, m\u00e9dias sociaux<\/span><\/li>\n<li class=\"li1\"><span class=\"s1\">Olivier Ferlatte \u2013 directeur de R\u00e9siste \u00e0 la stigmatisation (2015-2016)<\/span><\/li>\n<\/ul>\n<p class=\"p1\"><span class=\"s1\">Comit\u00e9 directeur<\/span><\/p>\n<ul class=\"ul1\">\n<li class=\"li1\"><span class=\"s1\">Aaron Purdie<\/span><\/li>\n<li class=\"li1\"><span class=\"s1\">Brook Biggin<\/span><\/li>\n<li class=\"li1\"><span class=\"s1\">Darren Ho<\/span><\/li>\n<li class=\"li1\"><span class=\"s1\">Jared Star<\/span><\/li>\n<li class=\"li1\"><span class=\"s1\">Jonathan Bacon<\/span><\/li>\n<li class=\"li1\"><span class=\"s1\">Michael Kwag<\/span><\/li>\n<li class=\"li1\"><span class=\"s1\">Ryan Lisk<\/span><\/li>\n<li class=\"li1\"><span class=\"s1\">Sarah Chown<\/span><\/li>\n<li class=\"li1\"><span class=\"s1\">Rick Marchand \u2013 directeur g\u00e9n\u00e9ral, CBRC<\/span><\/li>\n<li class=\"li1\"><span class=\"s1\">Terry Trussler \u2013 directeur de la recherche, CBRC<\/span><\/li>\n<\/ul>\n<p class=\"p1\"><span class=\"s1\">Comit\u00e9 consultatif des jeunes<\/span><\/p>\n<ul class=\"ul1\">\n<li class=\"li1\"><span class=\"s1\">Brent Franco Sacucci<\/span><\/li>\n<li class=\"li1\"><span class=\"s1\">Jake Ivany<\/span><\/li>\n<li class=\"li1\"><span class=\"s1\">Logan Lorenz<\/span><\/li>\n<li class=\"li1\"><span class=\"s1\">Sizwe Inkingi<\/span><\/li>\n<li class=\"li1\"><span class=\"s1\">Zach Harcourt<\/span><\/li>\n<\/ul>\n","protected":false},"excerpt":{"rendered":"<p>La stigmatisation est un puissant pouvoir social qui sert \u00e0 exclure certaines personnes. Les jeunes hommes gais, bisexuels, allosexuels, bi-spirituels, transgenres et cisgenres en sont la cible depuis trop longtemps. La stigmatisation nous fait avoir honte de notre identit\u00e9, de [&hellip;]<\/p>\n","protected":false},"author":8,"featured_media":617,"comment_status":"open","ping_status":"open","sticky":false,"template":"","format":"standard","meta":{"_acf_changed":false,"footnotes":""},"categories":[15],"tags":[],"class_list":["post-619","post","type-post","status-publish","format-standard","has-post-thumbnail","hentry","category-ressources"],"acf":[],"_links":{"self":[{"href":"https:\/\/resiststigma.com\/fr\/wp-json\/wp\/v2\/posts\/619","targetHints":{"allow":["GET"]}}],"collection":[{"href":"https:\/\/resiststigma.com\/fr\/wp-json\/wp\/v2\/posts"}],"about":[{"href":"https:\/\/resiststigma.com\/fr\/wp-json\/wp\/v2\/types\/post"}],"author":[{"embeddable":true,"href":"https:\/\/resiststigma.com\/fr\/wp-json\/wp\/v2\/users\/8"}],"replies":[{"embeddable":true,"href":"https:\/\/resiststigma.com\/fr\/wp-json\/wp\/v2\/comments?post=619"}],"version-history":[{"count":2,"href":"https:\/\/resiststigma.com\/fr\/wp-json\/wp\/v2\/posts\/619\/revisions"}],"predecessor-version":[{"id":641,"href":"https:\/\/resiststigma.com\/fr\/wp-json\/wp\/v2\/posts\/619\/revisions\/641"}],"wp:featuredmedia":[{"embeddable":true,"href":"https:\/\/resiststigma.com\/fr\/wp-json\/wp\/v2\/media\/617"}],"wp:attachment":[{"href":"https:\/\/resiststigma.com\/fr\/wp-json\/wp\/v2\/media?parent=619"}],"wp:term":[{"taxonomy":"category","embeddable":true,"href":"https:\/\/resiststigma.com\/fr\/wp-json\/wp\/v2\/categories?post=619"},{"taxonomy":"post_tag","embeddable":true,"href":"https:\/\/resiststigma.com\/fr\/wp-json\/wp\/v2\/tags?post=619"}],"curies":[{"name":"wp","href":"https:\/\/api.w.org\/{rel}","templated":true}]}}