{"id":624,"date":"2017-05-23T19:23:40","date_gmt":"2017-05-23T19:23:40","guid":{"rendered":"https:\/\/resiststigma.com\/fr\/?p=624"},"modified":"2017-05-23T20:45:32","modified_gmt":"2017-05-23T20:45:32","slug":"cafe-de-conversation-resiste-a-la-stigmatisation","status":"publish","type":"post","link":"https:\/\/resiststigma.com\/fr\/cafe-de-conversation-resiste-a-la-stigmatisation\/","title":{"rendered":"Caf\u00e9 de conversation R\u00e9siste \u00e0 la stigmatisation"},"content":{"rendered":"<p class=\"p1\"><span class=\"s1\"><b>Organisation d\u2019un caf\u00e9 de conversation R\u00e9siste \u00e0 la stigmatisation<\/b><\/span><\/p>\n<p class=\"p3\"><span class=\"s2\">Pour organiser un caf\u00e9 de conversation (World Caf\u00e9) R\u00e9siste \u00e0 la stigmatisation, vous aurez besoin de\u00a0:<\/span><\/p>\n<ul class=\"ul1\">\n<li class=\"li3\"><span class=\"s2\">Un local (physiquement accessible et dot\u00e9 de toilettes non genr\u00e9es)<\/span><\/li>\n<li class=\"li3\"><span class=\"s2\">Un animateur (rattach\u00e9 au programme R\u00e9siste \u00e0 la stigmatisation)<\/span><\/li>\n<li class=\"li3\"><span class=\"s2\">3 intervenants (qui feront un expos\u00e9 de 10-12 minutes au d\u00e9but de la rencontre)\u00a0: <\/span>\n<ul class=\"ul1\">\n<li class=\"li3\"><span class=\"s2\">Un repr\u00e9sentant de R\u00e9siste \u00e0 la stigmatisation (qui peut \u00eatre aussi l\u2019animateur)<\/span><\/li>\n<li class=\"li3\"><span class=\"s2\">Un chercheur local qui travaille sur la stigmatisation<\/span><\/li>\n<li class=\"li3\"><span class=\"s2\">Un jeune qui travaille localement \u00e0 la lutte contre la stigmatisation<\/span><\/li>\n<\/ul>\n<\/li>\n<li class=\"li3\"><span class=\"s2\">Une affiche annon\u00e7ant l\u2019\u00e9v\u00e9nement<\/span>\n<ul class=\"ul1\">\n<li class=\"li3\"><span class=\"s2\">Utiliser le mod\u00e8le d\u2019affiche de R\u00e9siste \u00e0 la stigmatisation, en y ins\u00e9rant les renseignements pertinents pour votre rencontre<\/span><\/li>\n<\/ul>\n<\/li>\n<li class=\"li3\"><span class=\"s2\">\u00c9v\u00e9nement Facebook <\/span><\/li>\n<li class=\"li3\"><span class=\"s2\">Diaporama R\u00e9siste \u00e0 la stigmatisation<\/span><\/li>\n<\/ul>\n<p class=\"p3\"><span class=\"s2\">En pr\u00e9vision de la rencontre elle-m\u00eame, vous aurez besoin de\u00a0:<\/span><\/p>\n<ul class=\"ul1\">\n<li class=\"li3\"><span class=\"s2\">Notices biographiques des intervenants<\/span><\/li>\n<li class=\"li3\"><span class=\"s2\">D\u00e9claration de reconnaissance du territoire<\/span><\/li>\n<li class=\"li3\"><span class=\"s2\">3 jeunes b\u00e9n\u00e9voles charg\u00e9s de l\u2019animation d\u2019un petit groupe et de la prise de notes<\/span><\/li>\n<li class=\"li3\"><span class=\"s2\">Interpr\u00e8te en langue des signes (si n\u00e9cessaire)<\/span><\/li>\n<li class=\"li3\"><span class=\"s2\">Feuille de pr\u00e9sence<\/span><\/li>\n<li class=\"li3\"><span class=\"s2\">Feuilles d\u2019\u00e9valuation<\/span><\/li>\n<li class=\"li3\"><span class=\"s2\">Guide d\u2019animation<\/span><\/li>\n<li class=\"li3\"><span class=\"s2\">Porte-noms<\/span><\/li>\n<li class=\"li3\"><span class=\"s2\">Amuse-gueule<\/span><\/li>\n<li class=\"li3\"><span class=\"s2\">Bloc-notes<\/span><\/li>\n<li class=\"li3\"><span class=\"s2\">Fiches vierges en carton<\/span><\/li>\n<li class=\"li3\"><span class=\"s2\">Stylos<\/span><\/li>\n<li class=\"li3\"><span class=\"s2\">Ordinateur et projecteur<\/span><\/li>\n<\/ul>\n<p class=\"p3\"><span class=\"s2\">Disposition du local\u00a0:<\/span><\/p>\n<ul class=\"ul1\">\n<li class=\"li3\"><span class=\"s2\">Table d\u2019accueil, avec feuille de pr\u00e9sence et porte-noms (nom et pronom)<\/span><\/li>\n<li class=\"li3\"><span class=\"s2\">Table pour la nourriture<\/span><\/li>\n<li class=\"li3\"><span class=\"s2\">Tables dispos\u00e9es pour la discussion en petits groupes<\/span><\/li>\n<li class=\"li3\"><span class=\"s2\">Ordinateur et projecteur<\/span><\/li>\n<li class=\"li3\"><span class=\"s2\">L\u2019animateur devrait se trouver \u00e0 la table d\u2019accueil pour se pr\u00e9senter aux participants et leur souhaiter la bienvenue.<\/span><\/li>\n<\/ul>\n<p class=\"p6\"><span class=\"s2\"><b>R\u00e9siste \u00e0 la stigmatisation \u2013 Guide d\u2019animation d\u2019un caf\u00e9 de conversation<\/b><\/span><\/p>\n<p class=\"p5\"><span class=\"s2\"><b>18 h \u2013 18 h 10<\/b><\/span><\/p>\n<p class=\"p5\"><span class=\"s2\">Accueil et prise des pr\u00e9sences<\/span><\/p>\n<ul class=\"ul1\">\n<li class=\"li3\"><span class=\"s2\">Mot de bienvenue, pr\u00e9sentation de l\u2019animateur et de l\u2019objectif de la rencontre<\/span><\/li>\n<li class=\"li3\"><span class=\"s2\">Reconnaissance du territoire<\/span><\/li>\n<li class=\"li3\"><span class=\"s2\">Rappel au sujet de l\u2019accessibilit\u00e9 (emplacement des toilettes, etc.)<\/span><\/li>\n<li class=\"li3\"><span class=\"s2\">Explication du d\u00e9roulement de la rencontre <\/span><\/li>\n<\/ul>\n<p class=\"p5\"><span class=\"s2\"><b>18 h 15 \u2013 18 h 20 <\/b><\/span><\/p>\n<p class=\"p3\"><span class=\"s2\">Activit\u00e9 de groupe\u00a0: Quelle est ta d\u00e9finition de la stigmatisation?<\/span><\/p>\n<p class=\"p3\"><span class=\"s2\">Distribuer des fiches vierges aux participants<\/span><\/p>\n<p class=\"p3\"><span class=\"s2\">Les inviter \u00e0 y inscrire leur d\u00e9finition personnelle de la stigmatisation<\/span><\/p>\n<ul class=\"ul1\">\n<li class=\"li3\"><span class=\"s2\">Quelle est ta d\u00e9finition personnelle de la stigmatisation?<\/span><\/li>\n<li class=\"li3\"><span class=\"s2\">Quels mots ou expressions te viennent en t\u00eate quand tu entends le mot \u00ab\u00a0stigmatisation\u00a0\u00bb?<\/span><\/li>\n<\/ul>\n<p class=\"p5\"><span class=\"s2\">Inviter les participants de chaque table \u00e0 partager leurs d\u00e9finitions avec les membres de leur groupe<\/span><\/p>\n<p class=\"p5\"><span class=\"s2\"><b>18 h 20 \u2013 19 h<\/b><\/span><\/p>\n<p class=\"p5\"><span class=\"s2\">Expos\u00e9s<\/span><\/p>\n<p class=\"p3\"><span class=\"s2\">Inviter les gens \u00e0 participer \u00e0 la conversation sur les m\u00e9dias sociaux\u00a0: #R\u00e9siste\u00e0lastigmatisation<\/span><\/p>\n<p class=\"p3\"><span class=\"s2\">Pr\u00e9senter le programme R\u00e9siste \u00e0 la stigmatisation<\/span><\/p>\n<p class=\"p3\"><span class=\"s2\">Pr\u00e9senter le chercheur invit\u00e9<\/span><\/p>\n<ul class=\"ul1\">\n<li class=\"li3\"><span class=\"s2\">Notice biographique<\/span><\/li>\n<\/ul>\n<p class=\"p3\"><span class=\"s2\">Pr\u00e9senter l\u2019intervenant qui repr\u00e9sente les jeunes<\/span><\/p>\n<ul class=\"ul1\">\n<li class=\"li3\"><span class=\"s2\">Notice biographique<\/span><\/li>\n<\/ul>\n<p class=\"p5\"><span class=\"s2\">Expliquer le principe d\u2019un caf\u00e9 de conversation\u00a0: Les animateurs des diff\u00e9rents groupes soumettront une s\u00e9rie de questions, en encourageant les participants de chaque table \u00e0 y r\u00e9pondre, et prendront en note les r\u00e9ponses. Au bout de 10 minutes, les participants seront invit\u00e9s \u00e0 changer de table (id\u00e9alement avec de nouveaux partenaires). <\/span><\/p>\n<p class=\"p5\"><span class=\"s2\"><b>19 h \u2013 19 h 10<\/b><\/span><\/p>\n<p class=\"p5\"><span class=\"s2\">Pause<\/span><\/p>\n<p class=\"p3\"><span class=\"s2\"><b>19 h 10 \u2013 19 h 20<\/b><\/span><\/p>\n<p class=\"p3\"><span class=\"s2\">Caf\u00e9 de conversation \u2013 1<\/span><span class=\"s5\"><sup>er<\/sup><\/span><span class=\"s2\"> tour\u00a0: Comment fonctionne la stigmatisation<\/span><\/p>\n<ul class=\"ul1\">\n<li class=\"li3\"><span class=\"s2\">Quelle est votre exp\u00e9rience de la stigmatisation?<\/span><\/li>\n<li class=\"li3\"><span class=\"s2\">Comment la stigmatisation se manifeste-t-elle au sein de la communaut\u00e9 des hommes gais, bisexuels et queer?<\/span><\/li>\n<li class=\"li3\"><span class=\"s2\">Qu\u2019est-ce qui fait l\u2019objet de stigmatisation dans la communaut\u00e9 gaie\/bi\/queer?<\/span><\/li>\n<li class=\"li3\"><span class=\"s2\">O\u00f9 voyez-vous des manifestations de stigmatisation?<\/span><\/li>\n<\/ul>\n<p class=\"p3\"><span class=\"s2\"><b>19 h 10 \u2013 19 h 30<\/b><\/span><\/p>\n<p class=\"p3\"><span class=\"s2\">Caf\u00e9 de conversation \u2013 2<\/span><span class=\"s5\"><sup>e<\/sup><\/span><span class=\"s2\"> tour\u00a0: Les effets de la stigmatisation<\/span><\/p>\n<ul class=\"ul1\">\n<li class=\"li3\"><span class=\"s2\">De quelle mani\u00e8re la stigmatisation touche-t-elle les gens que vous connaissez?<\/span><\/li>\n<li class=\"li3\"><span class=\"s2\">Quels sont les effets de la stigmatisation sur la sant\u00e9 (mentale, physique ou sexuelle)?<\/span><\/li>\n<li class=\"li3\"><span class=\"s2\">Quelles sont les cons\u00e9quences sociales de la stigmatisation?<\/span><\/li>\n<li class=\"li3\"><span class=\"s2\">De quelle mani\u00e8re la stigmatisation touche-t-elle la communaut\u00e9 des hommes gais, bisexuels ou queer dans son ensemble?<\/span><\/li>\n<\/ul>\n<p class=\"p3\"><span class=\"s2\"><b>19 h 30 \u2013 19 h 40<\/b><\/span><\/p>\n<p class=\"p3\"><span class=\"s2\">Caf\u00e9 de conversation \u2013 3<\/span><span class=\"s5\"><sup>e<\/sup><\/span><span class=\"s2\"> tour\u00a0: R\u00e9siste \u00e0 la stigmatisation<\/span><\/p>\n<ul class=\"ul1\">\n<li class=\"li3\"><span class=\"s2\">Comment r\u00e9sistez-vous \u00e0 la stigmatisation?<\/span><\/li>\n<li class=\"li3\"><span class=\"s2\">Comment d\u2019autres personnes que vous connaissez r\u00e9sistent-elles \u00e0 la stigmatisation?<\/span><\/li>\n<li class=\"li3\"><span class=\"s2\">Quels changements peut-on apporter pour \u00e9liminer la stigmatisation?<\/span><\/li>\n<li class=\"li3\"><span class=\"s2\">\u00c0 quoi ressemblerait un monde sans stigmatisation?<\/span><\/li>\n<\/ul>\n<p class=\"p3\"><span class=\"s2\"><b>19 h 40 \u2013 19 h 45<\/b><\/span><\/p>\n<p class=\"p3\"><span class=\"s2\">D\u00e9breffage<\/span><\/p>\n<p class=\"p5\"><span class=\"s2\">Demander \u00e0 l\u2019animateur de chaque petit groupe d\u2019exposer 2 points cl\u00e9s r\u00e9sultant du dernier tour. <\/span><\/p>\n<p class=\"p5\"><span class=\"s2\"><b>19 h 45 \u2013 20 h <\/b><\/span><\/p>\n<p class=\"p3\"><span class=\"s2\">Conclusion<\/span><\/p>\n<ul class=\"ul1\">\n<li class=\"li3\"><span class=\"s2\">Faire l\u2019annonce de tout projet ou \u00e9v\u00e9nement pertinent pour les participants \u00e0 l\u2019\u00e9chelle locale (par ex., sessions \u00e0 venir de Totally outRIGHT) <\/span><\/li>\n<li class=\"li3\"><span class=\"s2\">Si le temps le permet, demander aux gens comment ils se sentent<\/span><\/li>\n<li class=\"li3\"><span class=\"s2\">\u00c9valuation<\/span><\/li>\n<\/ul>\n<p class=\"p9\"><span class=\"s2\"><b>FEUILLE DE PR\u00c9SENCE R\u00c9SISTE \u00c0 LA STIGMATISATION<\/b><\/span><\/p>\n<p class=\"p11\"><span class=\"s2\">\u00c9v\u00e9nement\u00a0: ______________________________ Date\u00a0: ___________________________<\/span><\/p>\n<table class=\"t1\" cellspacing=\"0\" cellpadding=\"0\">\n<tbody>\n<tr>\n<td class=\"td15\" valign=\"top\">\n<p class=\"p11\"><span class=\"s2\"><b>Nom<\/b><\/span><\/p>\n<\/td>\n<td class=\"td16\" valign=\"top\">\n<p class=\"p11\"><span class=\"s2\"><b>Adresse courriel<\/b><\/span><\/p>\n<\/td>\n<td class=\"td17\" valign=\"top\">\n<p class=\"p12\"><span class=\"s2\"><b>Je souhaite recevoir des mises \u00e0 jour sur R\u00e9siste \u00e0 la stigmatisation<\/b><\/span><\/p>\n<\/td>\n<\/tr>\n<tr>\n<td class=\"td18\" valign=\"top\"><\/td>\n<td class=\"td19\" valign=\"top\"><\/td>\n<td class=\"td20\" valign=\"top\"><\/td>\n<\/tr>\n<tr>\n<td class=\"td21\" valign=\"top\"><\/td>\n<td class=\"td22\" valign=\"top\"><\/td>\n<td class=\"td23\" valign=\"top\"><\/td>\n<\/tr>\n<tr>\n<td class=\"td18\" valign=\"top\"><\/td>\n<td class=\"td19\" valign=\"top\"><\/td>\n<td class=\"td20\" valign=\"top\"><\/td>\n<\/tr>\n<tr>\n<td class=\"td21\" valign=\"top\"><\/td>\n<td class=\"td22\" valign=\"top\"><\/td>\n<td class=\"td23\" valign=\"top\"><\/td>\n<\/tr>\n<tr>\n<td class=\"td18\" valign=\"top\"><\/td>\n<td class=\"td19\" valign=\"top\"><\/td>\n<td class=\"td20\" valign=\"top\"><\/td>\n<\/tr>\n<tr>\n<td class=\"td21\" valign=\"top\"><\/td>\n<td class=\"td22\" valign=\"top\"><\/td>\n<td class=\"td23\" valign=\"top\"><\/td>\n<\/tr>\n<tr>\n<td class=\"td18\" valign=\"top\"><\/td>\n<td class=\"td19\" valign=\"top\"><\/td>\n<td class=\"td20\" valign=\"top\"><\/td>\n<\/tr>\n<tr>\n<td class=\"td21\" valign=\"top\"><\/td>\n<td class=\"td22\" valign=\"top\"><\/td>\n<td class=\"td23\" valign=\"top\"><\/td>\n<\/tr>\n<tr>\n<td class=\"td18\" valign=\"top\"><\/td>\n<td class=\"td19\" valign=\"top\"><\/td>\n<td class=\"td20\" valign=\"top\"><\/td>\n<\/tr>\n<tr>\n<td class=\"td21\" valign=\"top\"><\/td>\n<td class=\"td22\" valign=\"top\"><\/td>\n<td class=\"td23\" valign=\"top\"><\/td>\n<\/tr>\n<tr>\n<td class=\"td18\" valign=\"top\"><\/td>\n<td class=\"td19\" valign=\"top\"><\/td>\n<td class=\"td20\" valign=\"top\"><\/td>\n<\/tr>\n<tr>\n<td class=\"td21\" valign=\"top\"><\/td>\n<td class=\"td22\" valign=\"top\"><\/td>\n<td class=\"td23\" valign=\"top\"><\/td>\n<\/tr>\n<tr>\n<td class=\"td18\" valign=\"top\"><\/td>\n<td class=\"td19\" valign=\"top\"><\/td>\n<td class=\"td20\" valign=\"top\"><\/td>\n<\/tr>\n<tr>\n<td class=\"td21\" valign=\"top\"><\/td>\n<td class=\"td22\" valign=\"top\"><\/td>\n<td class=\"td23\" valign=\"top\"><\/td>\n<\/tr>\n<tr>\n<td class=\"td18\" valign=\"top\"><\/td>\n<td class=\"td19\" valign=\"top\"><\/td>\n<td class=\"td20\" valign=\"top\"><\/td>\n<\/tr>\n<tr>\n<td class=\"td21\" valign=\"top\"><\/td>\n<td class=\"td22\" valign=\"top\"><\/td>\n<td class=\"td23\" valign=\"top\"><\/td>\n<\/tr>\n<\/tbody>\n<\/table>\n<p class=\"p15\"><span class=\"s2\"><b>\u00c9VALUATION<\/b><\/span><\/p>\n<p class=\"p15\"><span class=\"s2\"><b>Forum R\u00e9siste \u00e0 la stigmatisation \u2013 Halifax, 31 mars<\/b><\/span><\/p>\n<p class=\"p18\"><span class=\"s2\"> <b>Totalement Totalement<\/b><\/span><\/p>\n<p class=\"p18\"><span class=\"s2\"><b> en d\u00e9saccord d\u2019accord <\/b><\/span><\/p>\n<ol class=\"ol1\">\n<li class=\"li18\"><span class=\"s2\">La discussion m\u2019a permis de mieux comprendre la stigmatisation<\/span><\/li>\n<\/ol>\n<p class=\"p20\"><span class=\"s2\"> 1 2 3 4 5<\/span><\/p>\n<ol class=\"ol1\">\n<li class=\"li18\"><span class=\"s2\">Je me sens motiv\u00e9 \u00e0 agir contre la stigmatisation 1 2 3 4 5<\/span><\/li>\n<\/ol>\n<ol class=\"ol1\">\n<li class=\"li18\"><span class=\"s2\">\u00c7a m\u2019int\u00e9resserait de participer \u00e0 une autre activit\u00e9 de R\u00e9siste \u00e0 la stigmatisation<\/span><\/li>\n<\/ol>\n<p class=\"p18\"><span class=\"s2\"> 1 2 3 4 5<\/span><\/p>\n<ol class=\"ol1\">\n<li class=\"li18\"><span class=\"s2\">Dans l\u2019ensemble, cette activit\u00e9 m\u2019a plu 1 2 3 4 5<\/span><\/li>\n<\/ol>\n<ol class=\"ol1\">\n<li class=\"li24\"><span class=\"s2\">Que repr\u00e9sente R\u00e9siste \u00e0 la stigmatisation pour vous?<\/span><\/li>\n<\/ol>\n<p class=\"p18\"><span class=\"s2\"><b>Si vous souhaitez \u00eatre tenu au courant des activit\u00e9s de R\u00e9siste \u00e0 la stigmatisation, veuillez inscrire vos nom et adresse courriel sur la feuille de pr\u00e9sence.<\/b><\/span><\/p>\n","protected":false},"excerpt":{"rendered":"<p>Organisation d\u2019un caf\u00e9 de conversation R\u00e9siste \u00e0 la stigmatisation Pour organiser un caf\u00e9 de conversation (World Caf\u00e9) R\u00e9siste \u00e0 la stigmatisation, vous aurez besoin de\u00a0: Un local (physiquement accessible et dot\u00e9 de toilettes non genr\u00e9es) Un animateur (rattach\u00e9 au programme [&hellip;]<\/p>\n","protected":false},"author":8,"featured_media":643,"comment_status":"open","ping_status":"open","sticky":false,"template":"","format":"standard","meta":{"_acf_changed":false,"footnotes":""},"categories":[15],"tags":[],"class_list":["post-624","post","type-post","status-publish","format-standard","has-post-thumbnail","hentry","category-ressources"],"acf":[],"_links":{"self":[{"href":"https:\/\/resiststigma.com\/fr\/wp-json\/wp\/v2\/posts\/624","targetHints":{"allow":["GET"]}}],"collection":[{"href":"https:\/\/resiststigma.com\/fr\/wp-json\/wp\/v2\/posts"}],"about":[{"href":"https:\/\/resiststigma.com\/fr\/wp-json\/wp\/v2\/types\/post"}],"author":[{"embeddable":true,"href":"https:\/\/resiststigma.com\/fr\/wp-json\/wp\/v2\/users\/8"}],"replies":[{"embeddable":true,"href":"https:\/\/resiststigma.com\/fr\/wp-json\/wp\/v2\/comments?post=624"}],"version-history":[{"count":1,"href":"https:\/\/resiststigma.com\/fr\/wp-json\/wp\/v2\/posts\/624\/revisions"}],"predecessor-version":[{"id":625,"href":"https:\/\/resiststigma.com\/fr\/wp-json\/wp\/v2\/posts\/624\/revisions\/625"}],"wp:featuredmedia":[{"embeddable":true,"href":"https:\/\/resiststigma.com\/fr\/wp-json\/wp\/v2\/media\/643"}],"wp:attachment":[{"href":"https:\/\/resiststigma.com\/fr\/wp-json\/wp\/v2\/media?parent=624"}],"wp:term":[{"taxonomy":"category","embeddable":true,"href":"https:\/\/resiststigma.com\/fr\/wp-json\/wp\/v2\/categories?post=624"},{"taxonomy":"post_tag","embeddable":true,"href":"https:\/\/resiststigma.com\/fr\/wp-json\/wp\/v2\/tags?post=624"}],"curies":[{"name":"wp","href":"https:\/\/api.w.org\/{rel}","templated":true}]}}