{"id":628,"date":"2017-05-23T19:19:54","date_gmt":"2017-05-23T19:19:54","guid":{"rendered":"https:\/\/resiststigma.com\/fr\/?p=628"},"modified":"2017-05-23T20:32:57","modified_gmt":"2017-05-23T20:32:57","slug":"groupe-de-lecture-resiste-a-stigmatisation","status":"publish","type":"post","link":"https:\/\/resiststigma.com\/fr\/groupe-de-lecture-resiste-a-stigmatisation\/","title":{"rendered":"Groupe de lecture R\u00e9siste \u00e0 stigmatisation"},"content":{"rendered":"<p class=\"p1\"><span class=\"s1\"><b>Organisation d\u2019un groupe de lecture R\u00e9siste \u00e0 la stigmatisation<\/b><\/span><\/p>\n<p class=\"p3\"><span class=\"s2\">Pour organiser une rencontre d\u2019un groupe de lecture R\u00e9siste \u00e0 la stigmatisation, vous aurez besoin de\u00a0:<\/span><\/p>\n<ul class=\"ul1\">\n<li class=\"li3\"><span class=\"s2\">Un local (physiquement accessible et dot\u00e9 de toilettes non genr\u00e9es)<\/span><\/li>\n<li class=\"li3\"><span class=\"s2\">Un animateur (rattach\u00e9 au programme R\u00e9siste \u00e0 la stigmatisation)<\/span><\/li>\n<li class=\"li3\"><span class=\"s2\">Un article ou un film sur lequel portera la discussion<\/span><\/li>\n<li class=\"li3\"><span class=\"s2\">Une affiche annon\u00e7ant l\u2019\u00e9v\u00e9nement<\/span>\n<ul class=\"ul1\">\n<li class=\"li3\"><span class=\"s2\">Utiliser le mod\u00e8le d\u2019affiche de R\u00e9siste \u00e0 la stigmatisation, en y ins\u00e9rant les renseignements pertinents pour votre rencontre<\/span><\/li>\n<\/ul>\n<\/li>\n<li class=\"li3\"><span class=\"s2\">\u00c9v\u00e9nement Facebook <\/span><\/li>\n<li class=\"li3\"><span class=\"s2\"><i>Si possible, un chercheur local ayant de l\u2019exp\u00e9rience en recherche sur la sant\u00e9 des hommes gais et\/ou la stigmatisation et pr\u00eat \u00e0 participer au groupe de discussion.<\/i><\/span><\/li>\n<\/ul>\n<p class=\"p3\"><span class=\"s2\">Articles et films sugg\u00e9r\u00e9s (en anglais)\u00a0:<\/span><\/p>\n<ul class=\"ul1\">\n<li class=\"li3\"><span class=\"s2\">\u00ab\u00a0Race Relations and Racism in the LGBTQ Community of Toronto: Perceptions of Gay and Queer Social Service Providers of Color\u00a0\u00bb (Relations raciales et racisme dans la communaut\u00e9 LGBTQ de Toronto\u00a0: la perception de fournisseurs de service sociaux gais, queer et de couleur), article de Sulaimon Giwa et Cameron Greensmith<\/span><\/li>\n<li class=\"li3\"><span class=\"s2\">\u00ab\u00a0Sexual Stigma: Putting Sexual Minority Health Issues in Context\u00a0\u00bb, (La stigmatisation li\u00e9e au sexe\u00a0: mise en contexte des enjeux en mati\u00e8re de sant\u00e9 pour les minorit\u00e9s sexuelles), article de Gregory M. Herek, Regina Chopp et Darryl Strohl<\/span><\/li>\n<li class=\"li3\"><span class=\"s2\">\u00ab\u00a0Stigma as a Fundamental Cause of Population Health Inequalities\u00a0\u00bb (La stigmatisation comme cause fondamentale d\u2019in\u00e9galit\u00e9s en mati\u00e8re de sant\u00e9 dans la population), article de Mark L. Hatzenbuehler et Bruce G. Link<\/span><\/li>\n<li class=\"li3\"><span class=\"s2\">\u00ab\u00a0Do I Sound Gay?\u00a0\u00bb (Est-ce que \u00e7a s\u2019entend que je suis gai?), film de Dan Savage<\/span><\/li>\n<\/ul>\n<p class=\"p3\"><span class=\"s2\">Dans les 2 semaines pr\u00e9c\u00e9dant la rencontre\u00a0:<\/span><\/p>\n<ul class=\"ul1\">\n<li class=\"li3\"><span class=\"s2\">Partager le lien vers le groupe Facebook de l\u2019\u00e9v\u00e9nement, en demandant aux gens de confirmer leur pr\u00e9sence<\/span><\/li>\n<li class=\"li3\"><span class=\"s2\">Le nombre de places devrait \u00eatre limit\u00e9 \u00e0 10-12 personnes<\/span><\/li>\n<li class=\"li3\"><span class=\"s2\">Envoyer l\u2019article \u00e0 tous ceux qui ont confirm\u00e9 leur pr\u00e9sence<\/span><\/li>\n<li class=\"li3\"><span class=\"s2\">Publier un rappel dans l\u2019\u00e9v\u00e9nement Facebook pour demander confirmation des pr\u00e9sences<\/span><\/li>\n<\/ul>\n<p class=\"p3\"><span class=\"s2\">En pr\u00e9vision de la rencontre elle-m\u00eame, vous aurez besoin de\u00a0:<\/span><\/p>\n<ul class=\"ul1\">\n<li class=\"li3\"><span class=\"s2\">D\u00e9claration de reconnaissance du territoire<\/span><\/li>\n<li class=\"li3\"><span class=\"s2\">Feuille de pr\u00e9sence<\/span><\/li>\n<li class=\"li3\"><span class=\"s2\">Feuilles d\u2019\u00e9valuation<\/span><\/li>\n<li class=\"li3\"><span class=\"s2\">Guide d\u2019animation, avec des questions pr\u00e9par\u00e9es pour alimenter la discussion<\/span><\/li>\n<li class=\"li3\"><span class=\"s2\">Porte-noms<\/span><\/li>\n<li class=\"li3\"><span class=\"s2\">Stylos<\/span><\/li>\n<li class=\"li3\"><span class=\"s2\">Amuse-gueule<\/span><\/li>\n<\/ul>\n<p class=\"p3\"><span class=\"s2\">Disposition du local\u00a0:<\/span><\/p>\n<ul class=\"ul1\">\n<li class=\"li3\"><span class=\"s2\">Chaises plac\u00e9es en cercle<\/span><\/li>\n<li class=\"li3\"><span class=\"s2\">Table pour la nourriture<\/span><\/li>\n<li class=\"li3\"><span class=\"s2\">Table d\u2019accueil, avec feuille de pr\u00e9sence et porte-noms<\/span>\n<ul class=\"ul1\">\n<li class=\"li3\"><span class=\"s2\">L\u2019animateur devrait se trouver \u00e0 la table d\u2019accueil pour se pr\u00e9senter aux participants et leur souhaiter la bienvenue.<\/span><\/li>\n<\/ul>\n<\/li>\n<\/ul>\n<p class=\"p5\"><span class=\"s2\"><b>R\u00e9siste \u00e0 la stigmatisation \u2013 Guide d\u2019animation d\u2019un groupe de lecture<\/b><\/span><\/p>\n<p class=\"p3\"><span class=\"s2\"><b>18 h \u2013 18 h 10<\/b><\/span><\/p>\n<p class=\"p3\"><span class=\"s2\">Accueil et prise des pr\u00e9sences<\/span><\/p>\n<ul class=\"ul1\">\n<li class=\"li3\"><span class=\"s2\">Mot de bienvenue, pr\u00e9sentation de l\u2019animateur et de l\u2019objectif de la rencontre<\/span><\/li>\n<li class=\"li3\"><span class=\"s2\">Reconnaissance du territoire<\/span><\/li>\n<li class=\"li3\"><span class=\"s2\">Rappel au sujet de l\u2019accessibilit\u00e9 (emplacement des toilettes, etc.) <\/span><\/li>\n<\/ul>\n<p class=\"p3\"><span class=\"s2\"><b>18 h 15 \u2013 18 h 30 <\/b><\/span><\/p>\n<p class=\"p3\"><span class=\"s2\">Activit\u00e9 de groupe pour briser la glace<\/span><\/p>\n<ul class=\"ul1\">\n<li class=\"li3\"><span class=\"s2\">Demander \u00e0 chacun de se pr\u00e9senter en pr\u00e9cisant sa pr\u00e9f\u00e9rence en mati\u00e8re de pronom <\/span><\/li>\n<li class=\"li3\"><span class=\"s2\">Animer une activit\u00e9 permettant aux membres du groupe de faire connaissance<\/span>\n<ul class=\"ul1\">\n<li class=\"li3\"><span class=\"s2\">Par ex., demander \u00e0 chacun, \u00e0 tour de r\u00f4le, de dire son nom, son pronom et son dessert pr\u00e9f\u00e9r\u00e9, de m\u00eame que la d\u00e9finition qu\u2019il donne \u00e0 la stigmatisation ou la raison de sa pr\u00e9sence \u00e0 cette rencontre <\/span><\/li>\n<\/ul>\n<\/li>\n<\/ul>\n<p class=\"p3\"><span class=\"s2\"><b>18 h 30 \u2013 19 h<\/b><\/span><\/p>\n<p class=\"p3\"><span class=\"s2\">Discussion<\/span><\/p>\n<p class=\"p3\"><span class=\"s2\">Demander aux participants leurs premi\u00e8res impressions de l\u2019article.<\/span><\/p>\n<p class=\"p3\"><span class=\"s2\"><i>Si un chercheur est pr\u00e9sent, lui demander de parler de son exp\u00e9rience dans le domaine et de donner son point de vue sur l\u2019article<\/i><\/span><\/p>\n<p class=\"p3\"><span class=\"s2\">Poser des questions (pr\u00e9par\u00e9es \u00e0 l\u2019avance) li\u00e9es au th\u00e8me de l\u2019article ou aux recherches dont l\u2019article fait \u00e9tat\u00a0:<\/span><\/p>\n<ul class=\"ul1\">\n<li class=\"li8\">\u00ef<\/li>\n<\/ul>\n<p class=\"p3\"><span class=\"s2\"><b>19 h \u2013 19 h 10<\/b><\/span><\/p>\n<p class=\"p3\"><span class=\"s2\">Pause<\/span><\/p>\n<p class=\"p3\"><span class=\"s2\"><b>19 h 10 \u2013 19 h 40<\/b><\/span><\/p>\n<p class=\"p3\"><span class=\"s2\">Poursuite de la discussion <\/span><\/p>\n<p class=\"p3\"><span class=\"s2\">Poursuivre la discussion avec les sujets laiss\u00e9s en suspens avant la pause. S\u2019il n\u2019y en a aucun, utiliser les questions de la liste que vous avez pr\u00e9par\u00e9e. <\/span><\/p>\n<p class=\"p3\"><span class=\"s2\"><b>19 h 40 \u2013 20 h<\/b><\/span><\/p>\n<p class=\"p4\"><span class=\"s2\">Conclusion<\/span><\/p>\n<p class=\"p3\"><span class=\"s2\">Demander \u00e0 chaque participant, \u00e0 tour de r\u00f4le, ce que le groupe lui a appris et ce qu\u2019il retirera de sa participation.<\/span><\/p>\n<p class=\"p4\"><span class=\"s2\">Distribuer les feuilles d\u2019\u00e9valuation<\/span><\/p>\n<hr \/>\n<p class=\"p9\"><span class=\"s2\"><b>FEUILLE DE PR\u00c9SENCE R\u00c9SISTE \u00c0 LA STIGMATISATION<\/b><\/span><\/p>\n<p class=\"p11\"><span class=\"s2\">\u00c9v\u00e9nement\u00a0: ______________________________ Date\u00a0: ___________________________<\/span><\/p>\n<table class=\"t1\" cellspacing=\"0\" cellpadding=\"0\">\n<tbody>\n<tr>\n<td class=\"td17\" valign=\"top\">\n<p class=\"p11\"><span class=\"s2\"><b>Nom<\/b><\/span><\/p>\n<\/td>\n<td class=\"td18\" valign=\"top\">\n<p class=\"p11\"><span class=\"s2\"><b>Adresse courriel<\/b><\/span><\/p>\n<\/td>\n<td class=\"td19\" valign=\"top\">\n<p class=\"p13\"><span class=\"s2\"><b>Je souhaite recevoir des mises \u00e0 jour sur R\u00e9siste \u00e0 la stigmatisation<\/b><\/span><\/p>\n<\/td>\n<\/tr>\n<tr>\n<td class=\"td20\" valign=\"top\"><\/td>\n<td class=\"td21\" valign=\"top\"><\/td>\n<td class=\"td22\" valign=\"top\"><\/td>\n<\/tr>\n<tr>\n<td class=\"td23\" valign=\"top\"><\/td>\n<td class=\"td24\" valign=\"top\"><\/td>\n<td class=\"td25\" valign=\"top\"><\/td>\n<\/tr>\n<tr>\n<td class=\"td20\" valign=\"top\"><\/td>\n<td class=\"td21\" valign=\"top\"><\/td>\n<td class=\"td22\" valign=\"top\"><\/td>\n<\/tr>\n<tr>\n<td class=\"td23\" valign=\"top\"><\/td>\n<td class=\"td24\" valign=\"top\"><\/td>\n<td class=\"td25\" valign=\"top\"><\/td>\n<\/tr>\n<tr>\n<td class=\"td20\" valign=\"top\"><\/td>\n<td class=\"td21\" valign=\"top\"><\/td>\n<td class=\"td22\" valign=\"top\"><\/td>\n<\/tr>\n<tr>\n<td class=\"td23\" valign=\"top\"><\/td>\n<td class=\"td24\" valign=\"top\"><\/td>\n<td class=\"td25\" valign=\"top\"><\/td>\n<\/tr>\n<tr>\n<td class=\"td20\" valign=\"top\"><\/td>\n<td class=\"td21\" valign=\"top\"><\/td>\n<td class=\"td22\" valign=\"top\"><\/td>\n<\/tr>\n<tr>\n<td class=\"td23\" valign=\"top\"><\/td>\n<td class=\"td24\" valign=\"top\"><\/td>\n<td class=\"td25\" valign=\"top\"><\/td>\n<\/tr>\n<tr>\n<td class=\"td20\" valign=\"top\"><\/td>\n<td class=\"td21\" valign=\"top\"><\/td>\n<td class=\"td22\" valign=\"top\"><\/td>\n<\/tr>\n<tr>\n<td class=\"td23\" valign=\"top\"><\/td>\n<td class=\"td24\" valign=\"top\"><\/td>\n<td class=\"td25\" valign=\"top\"><\/td>\n<\/tr>\n<tr>\n<td class=\"td20\" valign=\"top\"><\/td>\n<td class=\"td21\" valign=\"top\"><\/td>\n<td class=\"td22\" valign=\"top\"><\/td>\n<\/tr>\n<tr>\n<td class=\"td23\" valign=\"top\"><\/td>\n<td class=\"td24\" valign=\"top\"><\/td>\n<td class=\"td25\" valign=\"top\"><\/td>\n<\/tr>\n<tr>\n<td class=\"td20\" valign=\"top\"><\/td>\n<td class=\"td21\" valign=\"top\"><\/td>\n<td class=\"td22\" valign=\"top\"><\/td>\n<\/tr>\n<tr>\n<td class=\"td23\" valign=\"top\"><\/td>\n<td class=\"td24\" valign=\"top\"><\/td>\n<td class=\"td25\" valign=\"top\"><\/td>\n<\/tr>\n<tr>\n<td class=\"td20\" valign=\"top\"><\/td>\n<td class=\"td21\" valign=\"top\"><\/td>\n<td class=\"td22\" valign=\"top\"><\/td>\n<\/tr>\n<tr>\n<td class=\"td23\" valign=\"top\"><\/td>\n<td class=\"td24\" valign=\"top\"><\/td>\n<td class=\"td25\" valign=\"top\"><\/td>\n<\/tr>\n<\/tbody>\n<\/table>\n<hr \/>\n<p class=\"p15\"><span class=\"s2\"><b>\u00c9valuation du groupe de lecture<\/b><\/span><\/p>\n<p class=\"p17\"><span class=\"s2\">Lieu\u00a0: <\/span><\/p>\n<p class=\"p17\"><span class=\"s2\">Date\u00a0: <\/span><\/p>\n<p class=\"p17\"><span class=\"s2\">Auteur\u00a0: <\/span><\/p>\n<p class=\"p17\"><span class=\"s2\">Titre : <\/span><\/p>\n<p class=\"p17\"><span class=\"s2\">1. Dans quelle mesure la lecture de l\u2019article choisi a-t-elle permis de mettre en lumi\u00e8re certaines v\u00e9rit\u00e9s sur la stigmatisation et ses effets?<\/span><\/p>\n<p class=\"p17\"><span class=\"s6\"><sub>lo<\/sub><\/span><span class=\"s2\">\u00a01 2 3 4 5\u00a0<\/span><span class=\"s6\"><sub>hi<\/sub><\/span><\/p>\n<p class=\"p17\"><span class=\"s2\">Commentaire\u00a0: <\/span><\/p>\n<p class=\"p17\"><span class=\"s2\">2. Dans quelle mesure la discussion en groupe t\u2019a-t-elle permis d\u2019am\u00e9liorer ta compr\u00e9hension de l\u2019article choisi et de l\u2019importance des enjeux li\u00e9s \u00e0 la stigmatisation? <\/span><\/p>\n<p class=\"p17\"><span class=\"s6\"><sub>lo<\/sub><\/span><span class=\"s2\">\u00a01 2 3 4 5\u00a0<\/span><span class=\"s6\"><sub>hi<\/sub><\/span><\/p>\n<p class=\"p17\"><span class=\"s2\">Commentaire\u00a0: <\/span><\/p>\n<p class=\"p17\"><span class=\"s2\">3. Dans quelle mesure ta participation \u00e0 cette rencontre t\u2019a-t-elle permis d\u2019approfondir ta compr\u00e9hension des probl\u00e8mes complexes qui touchent la sant\u00e9 des hommes gais et la pr\u00e9vention du VIH?<\/span><\/p>\n<p class=\"p17\"><span class=\"s6\"><sub>lo<\/sub><\/span><span class=\"s2\">\u00a01 2 3 4 5\u00a0<\/span><span class=\"s6\"><sub>hi<\/sub><\/span><\/p>\n<p class=\"p17\"><span class=\"s6\"><br \/>\n<\/span><span class=\"s2\">Commentaire\u00a0: <\/span><\/p>\n<p class=\"p17\"><span class=\"s2\">4. Dans quelle mesure ta motivation pour changer les choses ou pour agir a-t-elle \u00e9t\u00e9 renforc\u00e9e \u00e0 la suite de ta lecture de l\u2019article et de la discussion en groupe?<\/span><\/p>\n<p class=\"p17\"><span class=\"s6\"><sub>lo<\/sub><\/span><span class=\"s2\">\u00a01 2 3 4 5\u00a0<\/span><span class=\"s6\"><sub>hi<\/sub><\/span><\/p>\n<p class=\"p17\"><span class=\"s6\"><br \/>\n<\/span><span class=\"s2\">Commentaire\u00a0: <\/span><\/p>\n<p class=\"p17\"><span class=\"s2\">5. Quelle est la valeur de cet \u00e9v\u00e9nement \u00e0 tes yeux en tant qu\u2019activit\u00e9 sociale?<\/span><\/p>\n<p class=\"p17\"><span class=\"s6\"><sub>lo<\/sub><\/span><span class=\"s2\">\u00a01 2 3 4 5\u00a0<\/span><span class=\"s6\"><sub>hi<\/sub><\/span><\/p>\n<p class=\"p17\"><span class=\"s2\">Commentaire\u00a0: <\/span><\/p>\n<p class=\"p17\"><span class=\"s2\">Dans le contexte de cette discussion, que repr\u00e9sente R\u00e9siste \u00e0 la stigmatisation pour toi?<\/span><\/p>\n<p class=\"p17\"><span class=\"s2\">Recommandations de publications ou de m\u00e9dias compl\u00e9mentaires<\/span><\/p>\n","protected":false},"excerpt":{"rendered":"<p>Organisation d\u2019un groupe de lecture R\u00e9siste \u00e0 la stigmatisation Pour organiser une rencontre d\u2019un groupe de lecture R\u00e9siste \u00e0 la stigmatisation, vous aurez besoin de\u00a0: Un local (physiquement accessible et dot\u00e9 de toilettes non genr\u00e9es) Un animateur (rattach\u00e9 au programme [&hellip;]<\/p>\n","protected":false},"author":8,"featured_media":642,"comment_status":"open","ping_status":"open","sticky":false,"template":"","format":"standard","meta":{"_acf_changed":false,"footnotes":""},"categories":[15],"tags":[],"class_list":["post-628","post","type-post","status-publish","format-standard","has-post-thumbnail","hentry","category-ressources"],"acf":[],"_links":{"self":[{"href":"https:\/\/resiststigma.com\/fr\/wp-json\/wp\/v2\/posts\/628","targetHints":{"allow":["GET"]}}],"collection":[{"href":"https:\/\/resiststigma.com\/fr\/wp-json\/wp\/v2\/posts"}],"about":[{"href":"https:\/\/resiststigma.com\/fr\/wp-json\/wp\/v2\/types\/post"}],"author":[{"embeddable":true,"href":"https:\/\/resiststigma.com\/fr\/wp-json\/wp\/v2\/users\/8"}],"replies":[{"embeddable":true,"href":"https:\/\/resiststigma.com\/fr\/wp-json\/wp\/v2\/comments?post=628"}],"version-history":[{"count":2,"href":"https:\/\/resiststigma.com\/fr\/wp-json\/wp\/v2\/posts\/628\/revisions"}],"predecessor-version":[{"id":638,"href":"https:\/\/resiststigma.com\/fr\/wp-json\/wp\/v2\/posts\/628\/revisions\/638"}],"wp:featuredmedia":[{"embeddable":true,"href":"https:\/\/resiststigma.com\/fr\/wp-json\/wp\/v2\/media\/642"}],"wp:attachment":[{"href":"https:\/\/resiststigma.com\/fr\/wp-json\/wp\/v2\/media?parent=628"}],"wp:term":[{"taxonomy":"category","embeddable":true,"href":"https:\/\/resiststigma.com\/fr\/wp-json\/wp\/v2\/categories?post=628"},{"taxonomy":"post_tag","embeddable":true,"href":"https:\/\/resiststigma.com\/fr\/wp-json\/wp\/v2\/tags?post=628"}],"curies":[{"name":"wp","href":"https:\/\/api.w.org\/{rel}","templated":true}]}}